{"id":20142,"date":"2023-04-14T08:42:07","date_gmt":"2023-04-14T06:42:07","guid":{"rendered":"https:\/\/brennesselkerwe.de\/?p=20142"},"modified":"2023-04-16T08:50:28","modified_gmt":"2023-04-16T06:50:28","slug":"heppenheims-erste-kerb-steht-an","status":"publish","type":"post","link":"https:\/\/brennesselkerwe.de\/?p=20142","title":{"rendered":"Heppenheims erste Kerb steht an"},"content":{"rendered":"\n<h4 class=\"wp-block-heading\">Vorfreude im Tal der Rosen: Die Hambacher legen mit ihrer Brennnesselkerwe los, das Programm ist vielversprechend. <\/h4>\n\n\n\n<p class=\"wp-block-paragraph\">Aus dem Starkenburger Echo vom 14.04.2023 <br>Von Astrid Wagner<\/p>\n\n\n\n<p class=\"wp-block-paragraph\">Ein gro\u00dfer Haufen Krepppapierstreifen t\u00fcrmt sich auf dem Tisch in der ehemaligen Hambacher Pfarrb\u00fccherei. Unerm\u00fcdlich basteln ein paar Freiwillige daraus Rosen. 2000 sind das Ziel, knapp \u00fcber 1000 sind es schon geworden. Zieren werden die bunten Bl\u00fcten unter anderem den Wagen der Kerwek\u00f6nigin, der am Sonntag, 23. April, gemeinsam mit den anderen Beitr\u00e4gen im Kerweumzug durchs Tal der Rosen fahren wird. Die Hambacher er\u00f6ffnen mit ihrer Brennnesselkerwe die Kerwesaison und versprechen vier Tage lang ein abwechslungsreiches Programm f\u00fcr jeden Geschmack.<\/p>\n\n\n\n<p class=\"wp-block-paragraph\">Etwas aus der Corona-Zeit nimmt man mit: Im vergangenen Jahr fanden alle Veranstaltungen als Open Air auf dem Dorfplatz statt. Das hat sich offenbar bew\u00e4hrt. Doch man ist flexibel: Wenn sich viel Regen ank\u00fcndigt, soll der ganze Platz mit einem Festzelt \u00fcberdacht werden.<\/p>\n\n\n\n<p class=\"wp-block-paragraph\">Vier Tage Brennnesselkerwe, das sind vier Tage Livemusik. Am Freitag (21.) geht es um 18 Uhr auf dem Dorfplatz los mit dem Bieranstich. Im Anschluss sorgen die \u201eFeierowend Band\u201c und \u201eDonnerbalken\u201c, eine Rockformation aus Pforzheim, f\u00fcr gute Mucke. In diesem Jahr starten die Veranstalter gleich mit zwei Getr\u00e4nkeausschank-St\u00e4nden, um lange Wartezeiten zu vermeiden.<\/p>\n\n\n\n<p class=\"wp-block-paragraph\">Am Samstag (22.) f\u00e4llt um 12 Uhr der Startschuss zur Weschinggass-Rallye. Hierf\u00fcr k\u00f6nnen sich noch Viererteams unter weschinggassrallye@gmail.com anmelden. Das Ganze steht unter der \u00dcberschrift \u201eBobbycar \u2013 Bier \u2013 Partyarea\u201c.<\/p>\n\n\n\n<p class=\"wp-block-paragraph\">Ab 15 Uhr \u00f6ffnet das bunte Treiben auf dem Dorfplatz mit den Fahrgesch\u00e4ften der Schaustellerfamilie Schneider, die unter anderem auch wieder ihre Schiffschaukel mitbringt. Beim bunten Familennachmittag ist f\u00fcr Essen und Trinken ebenfalls reichlich gesorgt. Um 18 Uhr beginnt der Kerwegottesdienst, diesmal erstmals am Samstagabend. Im Anschluss wird der Kerwekranz auf dem Dorfplatz aufgeh\u00e4ngt, und Kerwek\u00f6nigin Paula Goss er\u00f6ffnet offiziell das Fest. Dann covert \u201eBollwerk\u201c Musik f\u00fcr jeden Geschmack.<\/p>\n\n\n\n<figure class=\"wp-block-image aligncenter size-large\"><img data-recalc-dims=\"1\" loading=\"lazy\" decoding=\"async\" width=\"1024\" height=\"743\" src=\"https:\/\/i0.wp.com\/brennesselkerwe.de\/wp-content\/uploads\/230414-Echo-1024x743.jpg?resize=1024%2C743&#038;ssl=1\" alt=\"\" class=\"wp-image-20143\" srcset=\"https:\/\/i0.wp.com\/brennesselkerwe.de\/wp-content\/uploads\/230414-Echo.jpg?resize=1024%2C743&amp;ssl=1 1024w, https:\/\/i0.wp.com\/brennesselkerwe.de\/wp-content\/uploads\/230414-Echo.jpg?resize=300%2C218&amp;ssl=1 300w, https:\/\/i0.wp.com\/brennesselkerwe.de\/wp-content\/uploads\/230414-Echo.jpg?resize=768%2C558&amp;ssl=1 768w, https:\/\/i0.wp.com\/brennesselkerwe.de\/wp-content\/uploads\/230414-Echo.jpg?w=1095&amp;ssl=1 1095w\" sizes=\"auto, (max-width: 1000px) 100vw, 1000px\" \/><\/figure>\n\n\n\n<p class=\"wp-block-paragraph\">Am Sonntag kann man bereits ab 11 Uhr den Festplatz st\u00fcrmen. Ab 14 Uhr schl\u00e4ngelt sich dann der Kerweumzug mit rund 20 Zugnummern durch den Ort. Erstmals f\u00e4hrt er nicht durch die Weschinggass, sondern au\u00dfen herum. Somit bleibt den Schaustellern mehr Platz auf dem Festgel\u00e4nde. Bis zum 19. April kann man sich noch f\u00fcr den Zug anmelden. \u00dcbrigens: Auch der Fischstand ist auf den Wunsch vieler Kerwebesucher wieder mit von der Partie. Die Mostbuben sind samstags und sonntags mit einem Eisstand vor Ort. Die Dienstagsfrauen servieren am Sonntag Kaffee und Kuchen im Pfarrhaus und auf dem Kirchenvorplatz. Die Kerweredd, wie immer aus der Feder von Nino Piazza, findet im Anschluss auf dem Dorfplatz statt. Die Blaskapelle Hambach untermalt die Darbietung musikalisch. F\u00fcr die Livemusik am Sonntagabend mit \u201eSam\u2019s Living Room\u201c wird kein Eintritt erhoben.<\/p>\n\n\n\n<p class=\"wp-block-paragraph\">Am Montag haben die M\u00e4dchen und Jungen der Christophorus-Schule schulfrei bekommen, sodass der Dorfplatz \u2013 der zu einem gro\u00dfen Teil aus dem Schulhof besteht \u2013 komplett genutzt werden kann. Ab 10 Uhr ist Fr\u00fchschoppen, es gibt als Fr\u00fchst\u00fcck gebackene Eier, und der Odenwald Sepp spielt auf. Ab 13.30 Uhr sammelt die Kerwejugend Eier im Dorf ein. Um 17 Uhr wird auf dem R\u00f6derhof in Ober-Hambach Kerwe gefeiert und die Kerweredd noch einmal verlesen (ab 18 Uhr). Abends sorgt die Pink Panther Selection f\u00fcr musikalische Unterhaltung; der Eintritt ist frei. F\u00fcr 22 Uhr ist zum Abschluss noch eine \u00dcberraschung geplant.<\/p>\n\n\n\n<p class=\"wp-block-paragraph\">Die Bev\u00f6lkerung wird gebeten, die Hambacher Fahnen zu hissen. Wer noch keine hat, kann eine im Kerweshop in der ehemaligen B\u00fccherei erstehen. Hier gibt es auch Kerweshirts oder Kerwewein.<\/p>\n\n\n\n<p class=\"wp-block-paragraph\">Quelle: <a href=\"https:\/\/www.echo-online.de\/lokales\/kreis-bergstrasse\/heppenheim-bergstrasse\/heppenheims-erste-kerb-steht-an-2466435\" target=\"_blank\" rel=\"noreferrer noopener\">echo-online.de<\/a><\/p>\n","protected":false},"excerpt":{"rendered":"<p>Vorfreude im Tal der Rosen: Die Hambacher legen mit ihrer Brennnesselkerwe los, das Programm ist vielversprechend. Aus dem Starkenburger Echo vom 14.04.2023 Von Astrid Wagner Ein gro\u00dfer Haufen Krepppapierstreifen t\u00fcrmt [&hellip;]<\/p>\n","protected":false},"author":1,"featured_media":20143,"comment_status":"open","ping_status":"open","sticky":false,"template":"","format":"standard","meta":{"_crdt_document":"","site-sidebar-layout":"default","site-content-layout":"","ast-site-content-layout":"default","site-content-style":"default","site-sidebar-style":"default","ast-global-header-display":"","ast-banner-title-visibility":"","ast-main-header-display":"","ast-hfb-above-header-display":"","ast-hfb-below-header-display":"","ast-hfb-mobile-header-display":"","site-post-title":"","ast-breadcrumbs-content":"","ast-featured-img":"","footer-sml-layout":"","ast-disable-related-posts":"","theme-transparent-header-meta":"","adv-header-id-meta":"","stick-header-meta":"","header-above-stick-meta":"","header-main-stick-meta":"","header-below-stick-meta":"","astra-migrate-meta-layouts":"default","ast-page-background-enabled":"default","ast-page-background-meta":{"desktop":{"background-color":"var(--ast-global-color-4)","background-image":"","background-repeat":"repeat","background-position":"center center","background-size":"auto","background-attachment":"scroll","background-type":"","background-media":"","overlay-type":"","overlay-color":"","overlay-opacity":"","overlay-gradient":""},"tablet":{"background-color":"","background-image":"","background-repeat":"repeat","background-position":"center center","background-size":"auto","background-attachment":"scroll","background-type":"","background-media":"","overlay-type":"","overlay-color":"","overlay-opacity":"","overlay-gradient":""},"mobile":{"background-color":"","background-image":"","background-repeat":"repeat","background-position":"center center","background-size":"auto","background-attachment":"scroll","background-type":"","background-media":"","overlay-type":"","overlay-color":"","overlay-opacity":"","overlay-gradient":""}},"ast-content-background-meta":{"desktop":{"background-color":"var(--ast-global-color-5)","background-image":"","background-repeat":"repeat","background-position":"center center","background-size":"auto","background-attachment":"scroll","background-type":"","background-media":"","overlay-type":"","overlay-color":"","overlay-opacity":"","overlay-gradient":""},"tablet":{"background-color":"var(--ast-global-color-5)","background-image":"","background-repeat":"repeat","background-position":"center center","background-size":"auto","background-attachment":"scroll","background-type":"","background-media":"","overlay-type":"","overlay-color":"","overlay-opacity":"","overlay-gradient":""},"mobile":{"background-color":"var(--ast-global-color-5)","background-image":"","background-repeat":"repeat","background-position":"center center","background-size":"auto","background-attachment":"scroll","background-type":"","background-media":"","overlay-type":"","overlay-color":"","overlay-opacity":"","overlay-gradient":""}},"ngg_post_thumbnail":0,"_jetpack_memberships_contains_paid_content":false,"footnotes":""},"categories":[1],"tags":[],"class_list":["post-20142","post","type-post","status-publish","format-standard","has-post-thumbnail","hentry","category-aktuelles"],"jetpack_featured_media_url":"https:\/\/i0.wp.com\/brennesselkerwe.de\/wp-content\/uploads\/230414-Echo.jpg?fit=1095%2C795&ssl=1","jetpack_sharing_enabled":true,"_links":{"self":[{"href":"https:\/\/brennesselkerwe.de\/index.php?rest_route=\/wp\/v2\/posts\/20142","targetHints":{"allow":["GET"]}}],"collection":[{"href":"https:\/\/brennesselkerwe.de\/index.php?rest_route=\/wp\/v2\/posts"}],"about":[{"href":"https:\/\/brennesselkerwe.de\/index.php?rest_route=\/wp\/v2\/types\/post"}],"author":[{"embeddable":true,"href":"https:\/\/brennesselkerwe.de\/index.php?rest_route=\/wp\/v2\/users\/1"}],"replies":[{"embeddable":true,"href":"https:\/\/brennesselkerwe.de\/index.php?rest_route=%2Fwp%2Fv2%2Fcomments&post=20142"}],"version-history":[{"count":5,"href":"https:\/\/brennesselkerwe.de\/index.php?rest_route=\/wp\/v2\/posts\/20142\/revisions"}],"predecessor-version":[{"id":20148,"href":"https:\/\/brennesselkerwe.de\/index.php?rest_route=\/wp\/v2\/posts\/20142\/revisions\/20148"}],"wp:featuredmedia":[{"embeddable":true,"href":"https:\/\/brennesselkerwe.de\/index.php?rest_route=\/wp\/v2\/media\/20143"}],"wp:attachment":[{"href":"https:\/\/brennesselkerwe.de\/index.php?rest_route=%2Fwp%2Fv2%2Fmedia&parent=20142"}],"wp:term":[{"taxonomy":"category","embeddable":true,"href":"https:\/\/brennesselkerwe.de\/index.php?rest_route=%2Fwp%2Fv2%2Fcategories&post=20142"},{"taxonomy":"post_tag","embeddable":true,"href":"https:\/\/brennesselkerwe.de\/index.php?rest_route=%2Fwp%2Fv2%2Ftags&post=20142"}],"curies":[{"name":"wp","href":"https:\/\/api.w.org\/{rel}","templated":true}]}}